{"id":298,"date":"2023-08-22T08:49:00","date_gmt":"2023-08-22T08:49:00","guid":{"rendered":"https:\/\/siemprebellasv.com\/?p=298"},"modified":"2023-08-21T05:17:30","modified_gmt":"2023-08-21T05:17:30","slug":"como-prevenir-la-caida-de-nuestro-cabello","status":"publish","type":"post","link":"https:\/\/siemprebellasv.com\/?p=298","title":{"rendered":"\u00bfComo prevenir la ca\u00edda de nuestro cabello?"},"content":{"rendered":"\n<p>El cabello es una parte esencial de nuestra identidad y autoestima. Sin embargo, la ca\u00edda del cabello puede ser un problema preocupante que afecta a personas de todas las edades y g\u00e9neros. En esta gu\u00eda completa, te proporcionaremos consejos efectivos y pr\u00e1cticos sobre el cuidado del cabello para prevenir la ca\u00edda y mantenerlo saludable y radiante.<\/p>\n\n\n\n<figure class=\"wp-block-image size-large is-resized\"><a href=\"http:\/\/siemprebellasv.com\/\" target=\"_blank\" rel=\"noreferrer noopener\"><img data-recalc-dims=\"1\" fetchpriority=\"high\" decoding=\"async\" src=\"https:\/\/i0.wp.com\/siemprebellasv.com\/wp-content\/uploads\/2023\/08\/DILE_ADIOS_A_LA_CAIDA_DEL_CABELLO-1024x402.jpg?resize=408%2C160&#038;ssl=1\" alt=\"Di\" class=\"wp-image-299\" style=\"width:408px;height:160px\" width=\"408\" height=\"160\" srcset=\"https:\/\/i0.wp.com\/siemprebellasv.com\/wp-content\/uploads\/2023\/08\/DILE_ADIOS_A_LA_CAIDA_DEL_CABELLO.jpg?resize=1024%2C402&amp;ssl=1 1024w, https:\/\/i0.wp.com\/siemprebellasv.com\/wp-content\/uploads\/2023\/08\/DILE_ADIOS_A_LA_CAIDA_DEL_CABELLO.jpg?resize=300%2C118&amp;ssl=1 300w, https:\/\/i0.wp.com\/siemprebellasv.com\/wp-content\/uploads\/2023\/08\/DILE_ADIOS_A_LA_CAIDA_DEL_CABELLO.jpg?resize=768%2C301&amp;ssl=1 768w, https:\/\/i0.wp.com\/siemprebellasv.com\/wp-content\/uploads\/2023\/08\/DILE_ADIOS_A_LA_CAIDA_DEL_CABELLO.jpg?resize=600%2C236&amp;ssl=1 600w, https:\/\/i0.wp.com\/siemprebellasv.com\/wp-content\/uploads\/2023\/08\/DILE_ADIOS_A_LA_CAIDA_DEL_CABELLO.jpg?w=1210&amp;ssl=1 1210w\" sizes=\"(max-width: 408px) 100vw, 408px\" \/><\/a><\/figure>\n\n\n\n<p><strong>1. Dieta Nutritiva para un Cabello Fuerte:<\/strong> La salud capilar comienza desde adentro. Una dieta equilibrada y rica en nutrientes es crucial para mantener el cabello fuerte y resistente a la ca\u00edda. Aseg\u00farate de incluir alimentos como pescado, nueces, frutas y verduras que contienen vitaminas esenciales como la biotina, la vitamina E y el zinc.<\/p>\n\n\n\n<p><strong>2. Higiene Capilar Adecuada:<\/strong> Lavar el cabello con regularidad es esencial, pero el uso excesivo de productos qu\u00edmicos agresivos puede da\u00f1ar el cuero cabelludo y debilitar el cabello. Opta por champ\u00fas suaves y libres de sulfatos para mantener el equilibrio natural de aceites y prote\u00ednas en el cuero cabelludo.<\/p>\n\n\n\n<p><strong>3. Masajes del Cuero Cabelludo:<\/strong> Los masajes suaves en el cuero cabelludo mejoran la circulaci\u00f3n sangu\u00ednea, lo que a su vez nutre los fol\u00edculos capilares y fortalece el cabello desde la ra\u00edz. Dedica unos minutos al d\u00eda para masajear suavemente tu cuero cabelludo con las yemas de los dedos.<\/p>\n\n\n\n<p><strong>4. Evita el Estr\u00e9s Excesivo:<\/strong> El estr\u00e9s cr\u00f3nico puede contribuir a la ca\u00edda del cabello. Practica t\u00e9cnicas de relajaci\u00f3n como el yoga, la meditaci\u00f3n y la respiraci\u00f3n profunda para reducir los niveles de estr\u00e9s y promover la salud capilar.<\/p>\n\n\n\n<p><strong>5. Utiliza Productos Naturales:<\/strong> Opta por productos capilares naturales y org\u00e1nicos que est\u00e9n libres de qu\u00edmicos agresivos. Los ingredientes naturales como el aceite de coco, el aloe vera y el aceite de arg\u00e1n pueden fortalecer el cabello y prevenir la ca\u00edda.<\/p>\n\n\n\n<p><strong>6. No Descuides el Acondicionamiento:<\/strong> El acondicionador es esencial para mantener la hidrataci\u00f3n y suavidad del cabello. Utiliza un acondicionador adecuado para tu tipo de cabello y apl\u00edcalo principalmente en las puntas para evitar que se vuelvan quebradizas.<\/p>\n\n\n\n<p><strong>7. Evita Peinados Tensos:<\/strong> Los peinados apretados como las trenzas y las colas de caballo pueden ejercer tensi\u00f3n en el cabello y causar da\u00f1os. Alterna entre peinados sueltos y evita el uso excesivo de herramientas de calor.<\/p>\n\n\n\n<p><strong>8. Consulta a un Profesional:<\/strong> Si notas una p\u00e9rdida de cabello significativa, es recomendable consultar a un dermat\u00f3logo o tric\u00f3logo. Un diagn\u00f3stico profesional puede ayudar a identificar la causa subyacente y determinar el tratamiento adecuado.<\/p>\n\n\n\n<p><mark style=\"background-color:rgba(0, 0, 0, 0);color:#591e1e\" class=\"has-inline-color\">Recuerda visitar nuestra pagina web siemprebellasv.com en donde encontraras muchas opciones para el cuidado de tu cabello.<\/mark><\/p>\n\n\n\n<p><\/p>\n","protected":false},"excerpt":{"rendered":"<p>El cabello es una parte esencial de nuestra identidad y autoestima. Sin embargo, la ca\u00edda del cabello puede ser un problema preocupante que afecta a personas de todas las edades [&hellip;]<\/p>\n","protected":false},"author":1,"featured_media":0,"comment_status":"open","ping_status":"open","sticky":false,"template":"","format":"standard","meta":{"om_disable_all_campaigns":false,"_monsterinsights_skip_tracking":false,"_monsterinsights_sitenote_active":false,"_monsterinsights_sitenote_note":"","_monsterinsights_sitenote_category":0,"_uf_show_specific_survey":0,"_uf_disable_surveys":false,"_jetpack_memberships_contains_paid_content":false,"footnotes":""},"categories":[1],"tags":[42,44,47,43,38,46,40,45,39,41],"class_list":["post-298","post","type-post","status-publish","format-standard","hentry","category-blog","tag-autoaceptacion","tag-autocuidado","tag-belleza-desde-adentro","tag-cuidado-capilar","tag-estres-y-cabello","tag-fortaleza-interior","tag-nutricion-capilar","tag-prevencion-caida-cabello","tag-productos-naturales","tag-resiliencia-emocional"],"aioseo_notices":[],"yoast_head":"<!-- This site is optimized with the Yoast SEO plugin v27.5 - https:\/\/yoast.com\/product\/yoast-seo-wordpress\/ -->\n<title>\u00bfComo prevenir la ca\u00edda de nuestro cabello? | Siempre Bella El Salvador<\/title>\n<meta name=\"description\" content=\"Descubre una gu\u00eda conmovedora y pr\u00e1ctica para el cuidado del cabello, una traves\u00eda interna que va m\u00e1s all\u00e1 de la ca\u00edda. Nutre tu cabello desde adentro, desenreda los nudos del estr\u00e9s y encuentra fortaleza en cada hebra.\" \/>\n<meta name=\"robots\" content=\"index, follow, max-snippet:-1, max-video-preview:-1, noimageindex\" \/>\n<link rel=\"canonical\" href=\"https:\/\/siemprebellasv.com\/?p=298\" \/>\n<meta property=\"og:locale\" content=\"es_MX\" \/>\n<meta property=\"og:type\" content=\"article\" \/>\n<meta property=\"og:title\" content=\"\u00bfComo prevenir la ca\u00edda de nuestro cabello?\" \/>\n<meta property=\"og:description\" content=\"El cabello es una parte esencial de nuestra identidad y autoestima. Sin embargo, la ca\u00edda del cabello puede ser un problema preocupante que afecta a personas de todas las edades y g\u00e9neros. En esta gu\u00eda completa, te proporcionaremos consejos efectivos y pr\u00e1cticos sobre el cuidado del cabello para prevenir la ca\u00edda y mantenerlo saludable y radiante.\" \/>\n<meta property=\"og:url\" content=\"https:\/\/siemprebellasv.com\/?p=298\" \/>\n<meta property=\"og:site_name\" content=\"Siempre Bella El Salvador\" \/>\n<meta property=\"article:publisher\" content=\"https:\/\/www.facebook.com\/siemprebellasvf\" \/>\n<meta property=\"article:published_time\" content=\"2023-08-22T08:49:00+00:00\" \/>\n<meta property=\"og:image\" content=\"https:\/\/i0.wp.com\/siemprebellasv.com\/wp-content\/uploads\/2023\/08\/DILE_ADIOS_A_LA_CAIDA_DEL_CABELLO.jpg?fit=1210%2C475&ssl=1\" \/>\n\t<meta property=\"og:image:width\" content=\"1210\" \/>\n\t<meta property=\"og:image:height\" content=\"475\" \/>\n\t<meta property=\"og:image:type\" content=\"image\/jpeg\" \/>\n<meta name=\"author\" content=\"siemprebellasv.com\" \/>\n<meta name=\"twitter:card\" content=\"summary_large_image\" \/>\n<meta name=\"twitter:label1\" content=\"Escrito por\" \/>\n\t<meta name=\"twitter:data1\" content=\"siemprebellasv.com\" \/>\n\t<meta name=\"twitter:label2\" content=\"Tiempo de lectura\" \/>\n\t<meta name=\"twitter:data2\" content=\"3 minutos\" \/>\n<script type=\"application\/ld+json\" class=\"yoast-schema-graph\">{\"@context\":\"https:\\\/\\\/schema.org\",\"@graph\":[{\"@type\":[\"Article\",\"BlogPosting\"],\"@id\":\"https:\\\/\\\/siemprebellasv.com\\\/?p=298#article\",\"isPartOf\":{\"@id\":\"https:\\\/\\\/siemprebellasv.com\\\/?p=298\"},\"author\":{\"name\":\"siemprebellasv.com\",\"@id\":\"https:\\\/\\\/siemprebellasv.com\\\/#\\\/schema\\\/person\\\/cb4096ffafba6a76078f5feeb35a1540\"},\"headline\":\"\u00bfComo prevenir la ca\u00edda de nuestro cabello?\",\"datePublished\":\"2023-08-22T08:49:00+00:00\",\"mainEntityOfPage\":{\"@id\":\"https:\\\/\\\/siemprebellasv.com\\\/?p=298\"},\"wordCount\":455,\"commentCount\":0,\"publisher\":{\"@id\":\"https:\\\/\\\/siemprebellasv.com\\\/#organization\"},\"image\":{\"@id\":\"https:\\\/\\\/siemprebellasv.com\\\/?p=298#primaryimage\"},\"thumbnailUrl\":\"https:\\\/\\\/siemprebellasv.com\\\/wp-content\\\/uploads\\\/2023\\\/08\\\/DILE_ADIOS_A_LA_CAIDA_DEL_CABELLO-1024x402.jpg\",\"keywords\":[\"Autoaceptaci\u00f3n\",\"Autocuidado\",\"Belleza desde adentro.\",\"Cuidado capilar\",\"Estr\u00e9s y cabello\",\"Fortaleza interior\",\"Nutrici\u00f3n capilar\",\"Prevenci\u00f3n ca\u00edda cabello\",\"Productos naturales\",\"Resiliencia emocional\"],\"articleSection\":[\"Blog\"],\"inLanguage\":\"es\",\"potentialAction\":[{\"@type\":\"CommentAction\",\"name\":\"Comment\",\"target\":[\"https:\\\/\\\/siemprebellasv.com\\\/?p=298#respond\"]}]},{\"@type\":[\"WebPage\",\"ItemPage\"],\"@id\":\"https:\\\/\\\/siemprebellasv.com\\\/?p=298\",\"url\":\"https:\\\/\\\/siemprebellasv.com\\\/?p=298\",\"name\":\"\u00bfComo prevenir la ca\u00edda de nuestro cabello? | Siempre Bella El Salvador\",\"isPartOf\":{\"@id\":\"https:\\\/\\\/siemprebellasv.com\\\/#website\"},\"primaryImageOfPage\":{\"@id\":\"https:\\\/\\\/siemprebellasv.com\\\/?p=298#primaryimage\"},\"image\":{\"@id\":\"https:\\\/\\\/siemprebellasv.com\\\/?p=298#primaryimage\"},\"thumbnailUrl\":\"https:\\\/\\\/siemprebellasv.com\\\/wp-content\\\/uploads\\\/2023\\\/08\\\/DILE_ADIOS_A_LA_CAIDA_DEL_CABELLO-1024x402.jpg\",\"datePublished\":\"2023-08-22T08:49:00+00:00\",\"description\":\"Descubre una gu\u00eda conmovedora y pr\u00e1ctica para el cuidado del cabello, una traves\u00eda interna que va m\u00e1s all\u00e1 de la ca\u00edda. Nutre tu cabello desde adentro, desenreda los nudos del estr\u00e9s y encuentra fortaleza en cada hebra.\",\"breadcrumb\":{\"@id\":\"https:\\\/\\\/siemprebellasv.com\\\/?p=298#breadcrumb\"},\"inLanguage\":\"es\",\"potentialAction\":[{\"@type\":\"ReadAction\",\"target\":[\"https:\\\/\\\/siemprebellasv.com\\\/?p=298\"]}]},{\"@type\":\"ImageObject\",\"inLanguage\":\"es\",\"@id\":\"https:\\\/\\\/siemprebellasv.com\\\/?p=298#primaryimage\",\"url\":\"https:\\\/\\\/siemprebellasv.com\\\/wp-content\\\/uploads\\\/2023\\\/08\\\/DILE_ADIOS_A_LA_CAIDA_DEL_CABELLO-1024x402.jpg\",\"contentUrl\":\"https:\\\/\\\/siemprebellasv.com\\\/wp-content\\\/uploads\\\/2023\\\/08\\\/DILE_ADIOS_A_LA_CAIDA_DEL_CABELLO-1024x402.jpg\"},{\"@type\":\"BreadcrumbList\",\"@id\":\"https:\\\/\\\/siemprebellasv.com\\\/?p=298#breadcrumb\",\"itemListElement\":[{\"@type\":\"ListItem\",\"position\":1,\"name\":\"Inicio\",\"item\":\"https:\\\/\\\/siemprebellasv.com\\\/\"},{\"@type\":\"ListItem\",\"position\":2,\"name\":\"Blog\",\"item\":\"https:\\\/\\\/siemprebellasv.com\\\/?cat=1\"},{\"@type\":\"ListItem\",\"position\":3,\"name\":\"\u00bfComo prevenir la ca\u00edda de nuestro cabello?\"}]},{\"@type\":\"WebSite\",\"@id\":\"https:\\\/\\\/siemprebellasv.com\\\/#website\",\"url\":\"https:\\\/\\\/siemprebellasv.com\\\/\",\"name\":\"Siempre Bella El Salvador\",\"description\":\"Le ofrecemos productos de alta calidad para el cuidado y belleza del cabello.\",\"publisher\":{\"@id\":\"https:\\\/\\\/siemprebellasv.com\\\/#organization\"},\"potentialAction\":[{\"@type\":\"SearchAction\",\"target\":{\"@type\":\"EntryPoint\",\"urlTemplate\":\"https:\\\/\\\/siemprebellasv.com\\\/?s={search_term_string}\"},\"query-input\":{\"@type\":\"PropertyValueSpecification\",\"valueRequired\":true,\"valueName\":\"search_term_string\"}}],\"inLanguage\":\"es\"},{\"@type\":\"Organization\",\"@id\":\"https:\\\/\\\/siemprebellasv.com\\\/#organization\",\"name\":\"Siempre Bella El Salvador\",\"alternateName\":\"Siempre Bella El Salvador\",\"url\":\"https:\\\/\\\/siemprebellasv.com\\\/\",\"logo\":{\"@type\":\"ImageObject\",\"inLanguage\":\"es\",\"@id\":\"https:\\\/\\\/siemprebellasv.com\\\/#\\\/schema\\\/logo\\\/image\\\/\",\"url\":\"https:\\\/\\\/i0.wp.com\\\/siemprebellasv.com\\\/wp-content\\\/uploads\\\/2023\\\/07\\\/cropped-siemprebellasv_logo-1.jpg?fit=699%2C699&ssl=1\",\"contentUrl\":\"https:\\\/\\\/i0.wp.com\\\/siemprebellasv.com\\\/wp-content\\\/uploads\\\/2023\\\/07\\\/cropped-siemprebellasv_logo-1.jpg?fit=699%2C699&ssl=1\",\"width\":699,\"height\":699,\"caption\":\"Siempre Bella El Salvador\"},\"image\":{\"@id\":\"https:\\\/\\\/siemprebellasv.com\\\/#\\\/schema\\\/logo\\\/image\\\/\"},\"sameAs\":[\"https:\\\/\\\/www.facebook.com\\\/siemprebellasvf\",\"https:\\\/\\\/www.instagram.com\\\/bellabeautysv\\\/\"]},{\"@type\":\"Person\",\"@id\":\"https:\\\/\\\/siemprebellasv.com\\\/#\\\/schema\\\/person\\\/cb4096ffafba6a76078f5feeb35a1540\",\"name\":\"siemprebellasv.com\",\"image\":{\"@type\":\"ImageObject\",\"inLanguage\":\"es\",\"@id\":\"https:\\\/\\\/siemprebellasv.com\\\/wp-content\\\/litespeed\\\/avatar\\\/04bb25c3ff61b91571297489785c0356.jpg?ver=1777208288\",\"url\":\"https:\\\/\\\/siemprebellasv.com\\\/wp-content\\\/litespeed\\\/avatar\\\/04bb25c3ff61b91571297489785c0356.jpg?ver=1777208288\",\"contentUrl\":\"https:\\\/\\\/siemprebellasv.com\\\/wp-content\\\/litespeed\\\/avatar\\\/04bb25c3ff61b91571297489785c0356.jpg?ver=1777208288\",\"caption\":\"siemprebellasv.com\"},\"sameAs\":[\"http:\\\/\\\/siemprebellasv.com\"],\"url\":\"https:\\\/\\\/siemprebellasv.com\\\/?author=1\"}]}<\/script>\n<!-- \/ Yoast SEO plugin. -->","yoast_head_json":{"title":"\u00bfComo prevenir la ca\u00edda de nuestro cabello? | Siempre Bella El Salvador","description":"Descubre una gu\u00eda conmovedora y pr\u00e1ctica para el cuidado del cabello, una traves\u00eda interna que va m\u00e1s all\u00e1 de la ca\u00edda. Nutre tu cabello desde adentro, desenreda los nudos del estr\u00e9s y encuentra fortaleza en cada hebra.","robots":{"index":"index","follow":"follow","max-snippet":"max-snippet:-1","max-video-preview":"max-video-preview:-1","imageindex":"noimageindex"},"canonical":"https:\/\/siemprebellasv.com\/?p=298","og_locale":"es_MX","og_type":"article","og_title":"\u00bfComo prevenir la ca\u00edda de nuestro cabello?","og_description":"El cabello es una parte esencial de nuestra identidad y autoestima. Sin embargo, la ca\u00edda del cabello puede ser un problema preocupante que afecta a personas de todas las edades y g\u00e9neros. En esta gu\u00eda completa, te proporcionaremos consejos efectivos y pr\u00e1cticos sobre el cuidado del cabello para prevenir la ca\u00edda y mantenerlo saludable y radiante.","og_url":"https:\/\/siemprebellasv.com\/?p=298","og_site_name":"Siempre Bella El Salvador","article_publisher":"https:\/\/www.facebook.com\/siemprebellasvf","article_published_time":"2023-08-22T08:49:00+00:00","og_image":[{"width":1210,"height":475,"url":"https:\/\/i0.wp.com\/siemprebellasv.com\/wp-content\/uploads\/2023\/08\/DILE_ADIOS_A_LA_CAIDA_DEL_CABELLO.jpg?fit=1210%2C475&ssl=1","type":"image\/jpeg"}],"author":"siemprebellasv.com","twitter_card":"summary_large_image","twitter_misc":{"Escrito por":"siemprebellasv.com","Tiempo de lectura":"3 minutos"},"schema":{"@context":"https:\/\/schema.org","@graph":[{"@type":["Article","BlogPosting"],"@id":"https:\/\/siemprebellasv.com\/?p=298#article","isPartOf":{"@id":"https:\/\/siemprebellasv.com\/?p=298"},"author":{"name":"siemprebellasv.com","@id":"https:\/\/siemprebellasv.com\/#\/schema\/person\/cb4096ffafba6a76078f5feeb35a1540"},"headline":"\u00bfComo prevenir la ca\u00edda de nuestro cabello?","datePublished":"2023-08-22T08:49:00+00:00","mainEntityOfPage":{"@id":"https:\/\/siemprebellasv.com\/?p=298"},"wordCount":455,"commentCount":0,"publisher":{"@id":"https:\/\/siemprebellasv.com\/#organization"},"image":{"@id":"https:\/\/siemprebellasv.com\/?p=298#primaryimage"},"thumbnailUrl":"https:\/\/siemprebellasv.com\/wp-content\/uploads\/2023\/08\/DILE_ADIOS_A_LA_CAIDA_DEL_CABELLO-1024x402.jpg","keywords":["Autoaceptaci\u00f3n","Autocuidado","Belleza desde adentro.","Cuidado capilar","Estr\u00e9s y cabello","Fortaleza interior","Nutrici\u00f3n capilar","Prevenci\u00f3n ca\u00edda cabello","Productos naturales","Resiliencia emocional"],"articleSection":["Blog"],"inLanguage":"es","potentialAction":[{"@type":"CommentAction","name":"Comment","target":["https:\/\/siemprebellasv.com\/?p=298#respond"]}]},{"@type":["WebPage","ItemPage"],"@id":"https:\/\/siemprebellasv.com\/?p=298","url":"https:\/\/siemprebellasv.com\/?p=298","name":"\u00bfComo prevenir la ca\u00edda de nuestro cabello? | Siempre Bella El Salvador","isPartOf":{"@id":"https:\/\/siemprebellasv.com\/#website"},"primaryImageOfPage":{"@id":"https:\/\/siemprebellasv.com\/?p=298#primaryimage"},"image":{"@id":"https:\/\/siemprebellasv.com\/?p=298#primaryimage"},"thumbnailUrl":"https:\/\/siemprebellasv.com\/wp-content\/uploads\/2023\/08\/DILE_ADIOS_A_LA_CAIDA_DEL_CABELLO-1024x402.jpg","datePublished":"2023-08-22T08:49:00+00:00","description":"Descubre una gu\u00eda conmovedora y pr\u00e1ctica para el cuidado del cabello, una traves\u00eda interna que va m\u00e1s all\u00e1 de la ca\u00edda. Nutre tu cabello desde adentro, desenreda los nudos del estr\u00e9s y encuentra fortaleza en cada hebra.","breadcrumb":{"@id":"https:\/\/siemprebellasv.com\/?p=298#breadcrumb"},"inLanguage":"es","potentialAction":[{"@type":"ReadAction","target":["https:\/\/siemprebellasv.com\/?p=298"]}]},{"@type":"ImageObject","inLanguage":"es","@id":"https:\/\/siemprebellasv.com\/?p=298#primaryimage","url":"https:\/\/siemprebellasv.com\/wp-content\/uploads\/2023\/08\/DILE_ADIOS_A_LA_CAIDA_DEL_CABELLO-1024x402.jpg","contentUrl":"https:\/\/siemprebellasv.com\/wp-content\/uploads\/2023\/08\/DILE_ADIOS_A_LA_CAIDA_DEL_CABELLO-1024x402.jpg"},{"@type":"BreadcrumbList","@id":"https:\/\/siemprebellasv.com\/?p=298#breadcrumb","itemListElement":[{"@type":"ListItem","position":1,"name":"Inicio","item":"https:\/\/siemprebellasv.com\/"},{"@type":"ListItem","position":2,"name":"Blog","item":"https:\/\/siemprebellasv.com\/?cat=1"},{"@type":"ListItem","position":3,"name":"\u00bfComo prevenir la ca\u00edda de nuestro cabello?"}]},{"@type":"WebSite","@id":"https:\/\/siemprebellasv.com\/#website","url":"https:\/\/siemprebellasv.com\/","name":"Siempre Bella El Salvador","description":"Le ofrecemos productos de alta calidad para el cuidado y belleza del cabello.","publisher":{"@id":"https:\/\/siemprebellasv.com\/#organization"},"potentialAction":[{"@type":"SearchAction","target":{"@type":"EntryPoint","urlTemplate":"https:\/\/siemprebellasv.com\/?s={search_term_string}"},"query-input":{"@type":"PropertyValueSpecification","valueRequired":true,"valueName":"search_term_string"}}],"inLanguage":"es"},{"@type":"Organization","@id":"https:\/\/siemprebellasv.com\/#organization","name":"Siempre Bella El Salvador","alternateName":"Siempre Bella El Salvador","url":"https:\/\/siemprebellasv.com\/","logo":{"@type":"ImageObject","inLanguage":"es","@id":"https:\/\/siemprebellasv.com\/#\/schema\/logo\/image\/","url":"https:\/\/i0.wp.com\/siemprebellasv.com\/wp-content\/uploads\/2023\/07\/cropped-siemprebellasv_logo-1.jpg?fit=699%2C699&ssl=1","contentUrl":"https:\/\/i0.wp.com\/siemprebellasv.com\/wp-content\/uploads\/2023\/07\/cropped-siemprebellasv_logo-1.jpg?fit=699%2C699&ssl=1","width":699,"height":699,"caption":"Siempre Bella El Salvador"},"image":{"@id":"https:\/\/siemprebellasv.com\/#\/schema\/logo\/image\/"},"sameAs":["https:\/\/www.facebook.com\/siemprebellasvf","https:\/\/www.instagram.com\/bellabeautysv\/"]},{"@type":"Person","@id":"https:\/\/siemprebellasv.com\/#\/schema\/person\/cb4096ffafba6a76078f5feeb35a1540","name":"siemprebellasv.com","image":{"@type":"ImageObject","inLanguage":"es","@id":"https:\/\/siemprebellasv.com\/wp-content\/litespeed\/avatar\/04bb25c3ff61b91571297489785c0356.jpg?ver=1777208288","url":"https:\/\/siemprebellasv.com\/wp-content\/litespeed\/avatar\/04bb25c3ff61b91571297489785c0356.jpg?ver=1777208288","contentUrl":"https:\/\/siemprebellasv.com\/wp-content\/litespeed\/avatar\/04bb25c3ff61b91571297489785c0356.jpg?ver=1777208288","caption":"siemprebellasv.com"},"sameAs":["http:\/\/siemprebellasv.com"],"url":"https:\/\/siemprebellasv.com\/?author=1"}]}},"jetpack_featured_media_url":"","jetpack_sharing_enabled":true,"_links":{"self":[{"href":"https:\/\/siemprebellasv.com\/index.php?rest_route=\/wp\/v2\/posts\/298","targetHints":{"allow":["GET"]}}],"collection":[{"href":"https:\/\/siemprebellasv.com\/index.php?rest_route=\/wp\/v2\/posts"}],"about":[{"href":"https:\/\/siemprebellasv.com\/index.php?rest_route=\/wp\/v2\/types\/post"}],"author":[{"embeddable":true,"href":"https:\/\/siemprebellasv.com\/index.php?rest_route=\/wp\/v2\/users\/1"}],"replies":[{"embeddable":true,"href":"https:\/\/siemprebellasv.com\/index.php?rest_route=%2Fwp%2Fv2%2Fcomments&post=298"}],"version-history":[{"count":1,"href":"https:\/\/siemprebellasv.com\/index.php?rest_route=\/wp\/v2\/posts\/298\/revisions"}],"predecessor-version":[{"id":300,"href":"https:\/\/siemprebellasv.com\/index.php?rest_route=\/wp\/v2\/posts\/298\/revisions\/300"}],"wp:attachment":[{"href":"https:\/\/siemprebellasv.com\/index.php?rest_route=%2Fwp%2Fv2%2Fmedia&parent=298"}],"wp:term":[{"taxonomy":"category","embeddable":true,"href":"https:\/\/siemprebellasv.com\/index.php?rest_route=%2Fwp%2Fv2%2Fcategories&post=298"},{"taxonomy":"post_tag","embeddable":true,"href":"https:\/\/siemprebellasv.com\/index.php?rest_route=%2Fwp%2Fv2%2Ftags&post=298"}],"curies":[{"name":"wp","href":"https:\/\/api.w.org\/{rel}","templated":true}]}}